{"id":1376,"date":"2024-03-01T18:30:16","date_gmt":"2024-03-01T16:30:16","guid":{"rendered":"https:\/\/waldfreibad.altglashuette.de\/?p=1376"},"modified":"2024-03-01T18:31:54","modified_gmt":"2024-03-01T16:31:54","slug":"klimazentrum-mit-freibad-auf-der-altglashuette","status":"publish","type":"post","link":"https:\/\/waldfreibad.altglashuette.de\/?p=1376","title":{"rendered":"Klimazentrum mit Freibad auf der Altglash\u00fctte ?"},"content":{"rendered":"\n<p>In folgendem ONetz Artikel wird \u00fcber eine potentielle Konzept\u00e4nderung zum Klimazentrum berichtet:<\/p>\n\n\n\n<p><a href=\"https:\/\/www.onetz.de\/oberpfalz\/altglashuette-baernau\/fuer-geplante-klimazentrum-ploetzlich-altglashuette-statt-silberhuette-rennen-id4654668.html\" data-type=\"link\" data-id=\"https:\/\/www.onetz.de\/oberpfalz\/altglashuette-baernau\/fuer-geplante-klimazentrum-ploetzlich-altglashuette-statt-silberhuette-rennen-id4654668.html\">Warum f\u00fcr das geplante Klimazentrum pl\u00f6tzlich Altglash\u00fctte statt Silberh\u00fctte im Rennen ist<\/a><\/p>\n\n\n\n<p>Hinweis: Der verlinkte Artikel ist <strong>nicht <\/strong>frei verf\u00fcgbar, es wird ein oNetzPlus Abo ben\u00f6tigt.<\/p>\n\n\n\n<p><\/p>\n","protected":false},"excerpt":{"rendered":"<p>In folgendem ONetz Artikel wird \u00fcber eine potentielle Konzept\u00e4nderung zum Klimazentrum berichtet: Warum f\u00fcr das geplante Klimazentrum pl\u00f6tzlich Altglash\u00fctte statt Silberh\u00fctte im Rennen ist Hinweis: Der verlinkte Artikel ist nicht frei verf\u00fcgbar, es wird ein oNetzPlus Abo ben\u00f6tigt.<\/p>\n","protected":false},"author":2,"featured_media":0,"comment_status":"closed","ping_status":"closed","sticky":true,"template":"","format":"standard","meta":{"footnotes":""},"categories":[1],"tags":[],"class_list":["post-1376","post","type-post","status-publish","format-standard","hentry","category-allgemein"],"_links":{"self":[{"href":"https:\/\/waldfreibad.altglashuette.de\/index.php?rest_route=\/wp\/v2\/posts\/1376","targetHints":{"allow":["GET"]}}],"collection":[{"href":"https:\/\/waldfreibad.altglashuette.de\/index.php?rest_route=\/wp\/v2\/posts"}],"about":[{"href":"https:\/\/waldfreibad.altglashuette.de\/index.php?rest_route=\/wp\/v2\/types\/post"}],"author":[{"embeddable":true,"href":"https:\/\/waldfreibad.altglashuette.de\/index.php?rest_route=\/wp\/v2\/users\/2"}],"replies":[{"embeddable":true,"href":"https:\/\/waldfreibad.altglashuette.de\/index.php?rest_route=%2Fwp%2Fv2%2Fcomments&post=1376"}],"version-history":[{"count":5,"href":"https:\/\/waldfreibad.altglashuette.de\/index.php?rest_route=\/wp\/v2\/posts\/1376\/revisions"}],"predecessor-version":[{"id":1381,"href":"https:\/\/waldfreibad.altglashuette.de\/index.php?rest_route=\/wp\/v2\/posts\/1376\/revisions\/1381"}],"wp:attachment":[{"href":"https:\/\/waldfreibad.altglashuette.de\/index.php?rest_route=%2Fwp%2Fv2%2Fmedia&parent=1376"}],"wp:term":[{"taxonomy":"category","embeddable":true,"href":"https:\/\/waldfreibad.altglashuette.de\/index.php?rest_route=%2Fwp%2Fv2%2Fcategories&post=1376"},{"taxonomy":"post_tag","embeddable":true,"href":"https:\/\/waldfreibad.altglashuette.de\/index.php?rest_route=%2Fwp%2Fv2%2Ftags&post=1376"}],"curies":[{"name":"wp","href":"https:\/\/api.w.org\/{rel}","templated":true}]}}